{"id":9953,"date":"2025-06-05T15:16:23","date_gmt":"2025-06-05T13:16:23","guid":{"rendered":"https:\/\/www.forbes.be\/nl\/?p=9953"},"modified":"2025-06-05T15:16:23","modified_gmt":"2025-06-05T13:16:23","slug":"belgium-startup-awards-2025-nicolas-debray-wil-ondernemerschap-belgie-verenigen-onder-nationale-vlag","status":"publish","type":"post","link":"https:\/\/www.forbes.be\/nl\/belgium-startup-awards-2025-nicolas-debray-wil-ondernemerschap-belgie-verenigen-onder-nationale-vlag\/","title":{"rendered":"Belgium Startup Awards 2025: Nicolas Debray wil ondernemerschap in Belgi\u00eb verenigen onder een nationale vlag"},"content":{"rendered":"<p><strong>Vanavond zullen we de winnaars van de eerste Belgium Startup Awards kennen. Oprichter Nicolas Debray, voormalig Google-medewerker en seri\ufffdeble ondernemer, zet hier de eerste stap naar een nationale eenwording van het Belgische startup-ecosysteem, dat hij hoopt te cre\u00ebren. Een enorme uitdaging in een land met regionale economische competenties, maar noodzakelijk gezien de huidige fragmentatie van de sector.<\/strong> L&#8217;\u00e9v\u00e9nement d\u2019aujourd\u2019hui \u00e0 TheEgg \u00e0 Bruxelles ne sera pas qu&#8217;une simple c\u00e9r\u00e9monie de remise de prix. Derri\u00e8re cette comp\u00e9tition nationale in\u00e9dite se cache un projet d&#8217;ampleur : unifier un <strong>\u00e9cosyst\u00e8me entrepreneurial belge<\/strong> aujourd\u2019hui morcel\u00e9 entre les trois r\u00e9gions du pays. \u00c0 l&#8217;origine de cette ambition, <strong>Nicolas Debray<\/strong>, <strong>entrepreneur<\/strong> aguerri et architecte d&#8217;une vision qui pourrait red\u00e9finir le paysage startup national.<\/p>\n<h2>Een verenigende visie voor het Belgische ondernemerschap<\/h2>\n<p>De loopbaan van <strong>Nicolas Debray<\/strong> illustreert perfect de veranderingen van de Belgische digitale economie in de afgelopen twintig jaar. Afgestudeerd aan ULB Solvay in 2007, trad hij onmiddellijk toe tot Google Belgium in een tijd waarin &#8216;niemand echt weet wat Google doet&#8217; en &#8216;het nog niet als een <strong>start-up<\/strong> wordt gezien&#8217;. Deze fundamentele ervaring stelt hem in staat een pionierende visie op digitale marketing te ontwikkelen, die hij snel omzet in een ondernemerlijke kans. In 2009 richt hij samen met Gabriel Goldberg, ook ex-Google, <strong>Semetis<\/strong> op, een revolutionair digitaal marketingbureau gebaseerd op de &#8216;magische driehoek&#8217; van SEA, SEO en Web Analytics. Het succes blijft niet uit: het bureau wordt marktleider in Belgi\u00eb en werkt samen met Proximus, Colruyt, ING, IKEA en Decathlon. In 2015 koopt Omnicom 80% van Semetis, waarna Nicolas Debray in januari 2023 zijn resterende aandelen verkoopt.<\/p>\n<figure id=\"attachment_10759\" aria-describedby=\"caption-attachment-10759\" style=\"width: 1946px\" class=\"wp-caption alignnone\"><img loading=\"lazy\" decoding=\"async\" class=\"size-full wp-image-10759\" src=\"https:\/\/www.forbes.be\/fr\/wp-content\/uploads\/2025\/06\/nicolas-debray-belgium-startup-awards-scene-scaled-1.jpg\" alt=\"\" width=\"1946\" height=\"2560\" \/><figcaption id=\"caption-attachment-10759\" class=\"wp-caption-text\">Nicolas Debray \u00a9 BSA<\/figcaption><\/figure>\n<p>Sinds 2019, via zijn bureau Hakacia en zijn meerdere rollen als private <strong>investeerder<\/strong>, wordt <strong>Nicolas Debray<\/strong> een onmisbare figuur in het <strong>Belgische ondernemerschap<\/strong>. Hij zit in de raden van bestuur van Sortlist, Tapio, BeInfluence Europe, en Doctor Manager. Maar door de structurele tekortkomingen van dit systeem waar te nemen, identificeert hij een cruciale behoefte: &#8220;Ik merk dat velen klagen over het gebrek aan een ge\u00efntegreerd <strong>ecosysteem<\/strong> in Belgi\u00eb. Er is geen federale instantie die het start-up-<strong>milieu<\/strong> stimuleert&#8221;, betreurt hij. Waarom? &#8220;Omdat de financiering regionaal is. Vlaanderen financiert Vlaamse bedrijven, Brussel de Brusselse, Walloni\u00eb de Waalse.&#8221;<\/p>\n<h2>Waarom een nationale structuur voor ondernemerschap dringend is<\/h2>\n<p>De analyse van <strong>Nicolas Debray<\/strong> wijst op een Belgisch paradox: een land in het hart van Europa, zetel van Europese instellingen, maar niet in staat zijn eigen <strong>ondernemers<\/strong> te verenigen. Deze institutionele versnippering heeft directe gevolgen voor de concurrentiekracht van de sector. De cijfers spreken voor zich: volgens gegevens van <a href=\"https:\/\/www.scaleups.eu\/\" target=\"_blank\" rel=\"noopener\">Scaleups.eu (gefuseerd met Startups.be)<\/a> bereikt slechts 12% van de <strong>Belgische startups<\/strong> de <strong>scale-up<\/strong>fase. Een percentage dat veel lager ligt dan dat van de buurlanden die wel federerende structuren hebben ontwikkeld. &#8220;In Frankrijk hebben ze de French Tech. In Nederland, TechLeap. Hier doet iedereen zijn ding binnen zijn eigen regio&#8221;, constateert de <strong>ondernemer<\/strong>. <img loading=\"lazy\" decoding=\"async\" class=\"alignnone size-full wp-image-10761\" src=\"https:\/\/www.forbes.be\/fr\/wp-content\/uploads\/2025\/06\/screenshot-2025-01-22-at-141108.png\" alt=\"\" width=\"1804\" height=\"906\" \/> Deze versnippering beperkt zich niet tot overheidsfinanciering. Het strekt zich uit tot evenementen, netwerken en zichtbaarheid. &#8220;In Gent weet men dat het het Wintercircus is. In Brussel? Er zijn veel deuren, maar geen enkele is duidelijk&#8221;, illustreert <strong>Nicolas Debray<\/strong>. Deze verspreiding schaadt internationale zichtbaarheid en bemoeilijkt de toegang tot grensoverschrijdende priv\u00e9financiering. De oplossing die hij aanbeveelt? &#8220;Een <strong>nationale federatie<\/strong> om de gemeenschappelijke belangen van onze markt te verdedigen. Ze kan bijvoorbeeld lobbywerk verrichten voor een tax shelter, als de <strong>startups<\/strong> financiering nodig hebben. Ze kan evangeliseren, investeerders uitleggen hoe de <strong>ondernemerschapsomgeving<\/strong> bij ons werkt.&#8221;<\/p>\n<h2>De Belgium Start-Up Awards 2025 als springplank<\/h2>\n<p><span style=\"font-family: Verdana, BlinkMacSystemFont, -apple-system, 'Segoe UI', Roboto, Oxygen, Ubuntu, Cantarell, 'Open Sans', 'Helvetica Neue', sans-serif;\">De <a href=\"https:\/\/startupawards.be\/\" target=\"_blank\" rel=\"noopener\"><strong>Belgium Startup Awards<\/strong><\/a> zijn slechts de eerste stap op weg naar deze toekomstige <strong>federatie<\/strong>. Het eerste idee dat hij realiseert met deze awards, is het cre\u00ebren van een ontmoetingspunt tussen grote bedrijfsconcerns die de operationele kosten van de actie kunnen dragen indien dit hen in contact brengt met <strong>startups<\/strong> uit het hele land die potentieel een oplossing kunnen bieden voor een uitdaging die ze ondervinden.<\/span><span style=\"font-family: Verdana, BlinkMacSystemFont, -apple-system, 'Segoe UI', Roboto, Oxygen, Ubuntu, Cantarell, 'Open Sans', 'Helvetica Neue', sans-serif;\">Om zijn ambitie te realiseren, heeft <strong>Nicolas Debray<\/strong> een slimme bedrijfsmodel ontworpen dat de politieke regionale valkuilen omzeilt: &#8220;Het bedrijfsmodel van de awards is om priv\u00e9<strong>sponsoring<\/strong> te hebben, inschrijvingsgelden, ticketverkoop&#8230; Publieke <strong>financiering<\/strong> is belangrijk, maar zij zorgen niet voor de levensvatbaarheid van het evenement. De grootste <strong>sponsors<\/strong> zijn priv\u00e9partners die belang hebben bij het zien slagen van Belgische startups op nationaal niveau.&#8221; Echter, <strong>Nicolas Debray<\/strong> is niet van plan zich volledig zonder publieke financiering te stellen: &#8220;Publieke <strong>financiering<\/strong> blijft belangrijk, al was het alleen maar vanwege zijn symbolische waarde. Het verleent geloofwaardigheid. Maar ik wil niet in de val van de <strong>politiek<\/strong> trappen en we moeten onpartijdig blijven.&#8221;<\/span><span style=\"font-family: Verdana, BlinkMacSystemFont, -apple-system, 'Segoe UI', Roboto, Oxygen, Ubuntu, Cantarell, 'Open Sans', 'Helvetica Neue', sans-serif;\"> Voor deze editie 2025 zijn de institutionele steun aanwezig, maar nog gedeeltelijk. <strong>Hub.brussels<\/strong>, <strong>Wallonie Entreprendre<\/strong> en <strong>Finance &amp; Invest Brussels<\/strong> hebben toegezegd. Maar Vlaanderen, hoewel indirect vertegenwoordigd door <strong>Scale-Up Flanders<\/strong>, aarzelt nog om officieel betrokken te raken. Deze dynamiek resulteert in een evenwichtige economische structuur: 60% van het budget is afkomstig van sponsors als ING, Proximus of JCDecaux, 20% van de overheidsinstanties, en de rest van de verkoop- en deelnamekosten.<\/span> De editie van 2025 illustreert deze pragmatische aanpak. Van de 81 inzendingen zijn 49 <strong>startups<\/strong> geselecteerd, met een evenwichtige geografische verdeling: 40% Vlaams, 40% Brussels en 20% Waals. Deze finalisten, die al gezamenlijk 73 miljoen euro aan omzet genereren, strijden in zes categorie\u00ebn: Kunstmatige Intelligentie, B2B, Consumenten, SaaS, Impact en Platforms.<\/p>\n<figure id=\"attachment_10763\" aria-describedby=\"caption-attachment-10763\" style=\"width: 2560px\" class=\"wp-caption alignnone\"><img loading=\"lazy\" decoding=\"async\" class=\"size-full wp-image-10763\" src=\"https:\/\/www.forbes.be\/fr\/wp-content\/uploads\/2025\/06\/2024-10-09-martin-pilette-prod-impact-startup-awards-x-the-merode-hd-143-scaled-1.jpg\" alt=\"\" width=\"2560\" height=\"1707\" \/><figcaption id=\"caption-attachment-10763\" class=\"wp-caption-text\">De winnaars van de Impact Startups Awards, het vorige evenement van Nicolas Debray, dat vorig jaar plaatsvond in de club TheMerode \u00a9 Martin Pilette Prod<\/figcaption><\/figure>\n<p>Het competitieve traject van vijf maanden omvat oproepen tot inschrijving, regionale pitches, gespecialiseerde masterclasses en eindpitches. Het evenement van vandaag biedt een volledige dag met vier thematische podia (Startups, Bedrijfsdiensten, Investeerders, Corporates) voorafgaand aan de prijsuitreikingsceremonie. Het hoogtepunt van het spektakel: een live pitch in &#8220;Shark Tank&#8221;-stijl met 100.000 euro aan converteerbare leningen als beloning, aangeboden door <a href=\"https:\/\/www.welovefounders.vc\/\" target=\"_blank\" rel=\"noopener\">We Love Founders<\/a>. Deze aanpak strekt zich ver uit buiten het traditionele awards framewerk. De priv\u00e9partners &#8211; ING, JCDecaux, La Libre Belgique, Silversquare &#8211; bieden concrete voordelen: verbeterde accounts, reclamecampagnes, consultancy, toegang tot coworkingruimtes.<\/p>\n<h2>Een representatieve jury, steekproef van de Belgische economie<\/h2>\n<p>De jury van de editie 2025 weerspiegelt <strong>Nicolas Debray&#8217;s<\/strong> streven naar het bouwen van bruggen tussen <strong>startups<\/strong> en <strong>corporates<\/strong>. Onder de experts bevinden zich de directeur Duurzaamheid van AG Insurance Nathalie Erdmanis, een innovatieverantwoordelijke bij Decathlon (Thibaut Peeters), B\u00e9atrice de Mahieu (CEO BeCode.org), vertegenwoordigers van Lyreco (Marc Curtis), Spadel (Cl\u00e9ment Yvorra) en Anne-Catherine Zoller (verantwoordelijke ESG bij D&#8217;Ieteren Group). Deze samenstelling geeft de voorkeur aan &#8220;<strong>business<\/strong> profielen die in een start-up een potenti\u00eble partner of leverancier kunnen zien&#8221;, verklaart de organisator. Onder de finalisten verdienen verschillende namen speciale aandacht. In de categorie AI ontwikkelt Scopr.AI oplossingen voor voorspellende analyses. Kids Ride revolutioneert schoolmobiliteit in het Platformsegment. Shayp, specialist op het gebied van slim waterbeheer, illustreert de Impact-dynamiek. Citronics (circulaire economie) en Dockflow (logistiek SaaS) completeren dit panorama van de <strong>Belgische innovatie<\/strong>. Deze selectie onthult de bloeiende sectoren binnen het nationale ecosysteem: 9 startups in AI, 7 platforms, 8 projecten met een sociale of ecologische impact, 7 actief in B2B, 8 gericht op consumenten, 9 ontwikkelen een SaaS. Een kaart die institutionele investeerders zoals de SRIW helpt hun sectorstrategie\u00ebn aan te passen.<\/p>\n<h2>In afwachting van de resultaten: spanning en uitdagingen<\/h2>\n<p>Enkele uren voordat het verdict valt, kristalliseert de editie 2025 van de <strong>Belgium Startup Awards<\/strong> uitdagingen die ver uitstijgen boven een simpele wedstrijd. Voor <strong>Nicolas Debray<\/strong> is het evenement een realistische test van zijn vermogen om een gefragmenteerd ecosysteem te verenigen. De uitdaging gaat verder dan eenvoudigweg erkenning verkrijgen. Het doel is aan te tonen dat een nationale aanpak meer waarde kan cre\u00ebren dan een puur regionale logica. De 100.000 euro aan mediacampagnes, de bevoorrechte toegang tot de 12 Silversquare-ruimtes, de gemiddelde toename van 35% in het webverkeer van de finalisten, zijn allemaal tastbare indicatoren. Morgen zouden de <strong>Belgium Startup Awards<\/strong> een historische keerpunt kunnen markeren voor het <strong>Belgische ondernemerschap<\/strong>. Of de beperkingen onthullen van een verenigend streven in een land met gedecentraliseerde instellingen. In ieder geval heeft <strong>Nicolas Debray<\/strong> de nadenkanalen gecre\u00eberd die nodig zijn voor de toekomst van innovatie in Belgi\u00eb. De resultaten van de <strong>Belgium Startup Awards<\/strong> 2025 zullen vanavond worden aangekondigd in TheEgg in Brussel.<\/p>\n","protected":false},"excerpt":{"rendered":"<p>Vanavond zullen we de winnaars van de eerste Belgium Startup Awards kennen. Oprichter Nicolas Debray, voormalig Google-medewerker en seri\u00eble ondernemer, zet hier de eerste stap naar een nationale eenwording van het Belgische startup-ecosysteem, dat hij hoopt te cre\u00ebren. Een enorme uitdaging in een land met regionale economische competenties, maar noodzakelijk gezien de [&hellip;]<\/p>\n","protected":false},"author":42,"featured_media":9952,"comment_status":"closed","ping_status":"closed","sticky":false,"template":"","format":"standard","meta":{"_acf_changed":false,"inline_featured_image":false,"footnotes":""},"categories":[1],"tags":[],"class_list":{"0":"post-9953","1":"post","2":"type-post","3":"status-publish","4":"format-standard","5":"has-post-thumbnail","7":"category-actualiteit"},"acf":[],"auteur_traducteur":"","yoast_head":"<!-- This site is optimized with the Yoast SEO plugin v27.4 - https:\/\/yoast.com\/product\/yoast-seo-wordpress\/ -->\n<title>Belgium Startup Awards 2025: Nicolas Debray verenigt Belgisch ondernemerschap<\/title>\n<meta name=\"description\" content=\"Op 5 juni openen de Belgium Start-Up Awards in Brussel. Forbes Belgi\u00eb onderzoekt hoe Nicolas Debray het Belgisch ondernemersecosysteem wil verenigen.\" \/>\n<meta name=\"robots\" content=\"index, follow, max-snippet:-1, max-image-preview:large, max-video-preview:-1\" \/>\n<link rel=\"canonical\" href=\"https:\/\/www.forbes.be\/nl\/belgium-startup-awards-2025-nicolas-debray-wil-ondernemerschap-belgie-verenigen-onder-nationale-vlag\/\" \/>\n<meta property=\"og:locale\" content=\"nl_BE\" \/>\n<meta property=\"og:type\" content=\"article\" \/>\n<meta property=\"og:title\" content=\"Belgium Startup Awards 2025: Nicolas Debray verenigt Belgisch ondernemerschap\" \/>\n<meta property=\"og:description\" content=\"Op 5 juni openen de Belgium Start-Up Awards in Brussel. Forbes Belgi\u00eb onderzoekt hoe Nicolas Debray het Belgisch ondernemersecosysteem wil verenigen.\" \/>\n<meta property=\"og:url\" content=\"https:\/\/www.forbes.be\/nl\/belgium-startup-awards-2025-nicolas-debray-wil-ondernemerschap-belgie-verenigen-onder-nationale-vlag\/\" \/>\n<meta property=\"og:site_name\" content=\"Forbes Belgi\u00eb\" \/>\n<meta property=\"article:publisher\" content=\"https:\/\/www.facebook.com\/forbesbelgie\" \/>\n<meta property=\"article:author\" content=\"https:\/\/www.linkedin.com\/in\/martin-boonen-61499951\/\" \/>\n<meta property=\"article:published_time\" content=\"2025-06-05T13:16:23+00:00\" \/>\n<meta property=\"og:image\" content=\"https:\/\/www.forbes.be\/nl\/wp-content\/uploads\/2025\/06\/10758-2024-10-09-martin-pilette-prod-impact-startup-awards-x-the-merode-hd-67-scaled.png\" \/>\n\t<meta property=\"og:image:width\" content=\"2560\" \/>\n\t<meta property=\"og:image:height\" content=\"1707\" \/>\n\t<meta property=\"og:image:type\" content=\"image\/png\" \/>\n<meta name=\"author\" content=\"Martin Boonen\" \/>\n<meta name=\"twitter:card\" content=\"summary_large_image\" \/>\n<meta name=\"twitter:label1\" content=\"Geschreven door\" \/>\n\t<meta name=\"twitter:data1\" content=\"Martin Boonen\" \/>\n\t<meta name=\"twitter:label2\" content=\"Geschatte leestijd\" \/>\n\t<meta name=\"twitter:data2\" content=\"8 minuten\" \/>\n<script type=\"application\/ld+json\" class=\"yoast-schema-graph\">{\"@context\":\"https:\\\/\\\/schema.org\",\"@graph\":[{\"@type\":\"NewsArticle\",\"@id\":\"https:\\\/\\\/www.forbes.be\\\/nl\\\/belgium-startup-awards-2025-nicolas-debray-wil-ondernemerschap-belgie-verenigen-onder-nationale-vlag\\\/#article\",\"isPartOf\":{\"@id\":\"https:\\\/\\\/www.forbes.be\\\/nl\\\/belgium-startup-awards-2025-nicolas-debray-wil-ondernemerschap-belgie-verenigen-onder-nationale-vlag\\\/\"},\"author\":{\"name\":\"Martin Boonen\",\"@id\":\"https:\\\/\\\/www.forbes.be\\\/nl\\\/#\\\/schema\\\/person\\\/06275e9d0194db71f89b5badacb532c8\"},\"headline\":\"Belgium Startup Awards 2025: Nicolas Debray wil ondernemerschap in Belgi\u00eb verenigen onder een nationale vlag\",\"datePublished\":\"2025-06-05T13:16:23+00:00\",\"mainEntityOfPage\":{\"@id\":\"https:\\\/\\\/www.forbes.be\\\/nl\\\/belgium-startup-awards-2025-nicolas-debray-wil-ondernemerschap-belgie-verenigen-onder-nationale-vlag\\\/\"},\"wordCount\":1367,\"publisher\":{\"@id\":\"https:\\\/\\\/www.forbes.be\\\/nl\\\/#organization\"},\"image\":{\"@id\":\"https:\\\/\\\/www.forbes.be\\\/nl\\\/belgium-startup-awards-2025-nicolas-debray-wil-ondernemerschap-belgie-verenigen-onder-nationale-vlag\\\/#primaryimage\"},\"thumbnailUrl\":\"https:\\\/\\\/www.forbes.be\\\/nl\\\/wp-content\\\/uploads\\\/2025\\\/06\\\/10758-2024-10-09-martin-pilette-prod-impact-startup-awards-x-the-merode-hd-67-scaled.png\",\"articleSection\":[\"Actualiteit\"],\"inLanguage\":\"nl-BE\"},{\"@type\":\"WebPage\",\"@id\":\"https:\\\/\\\/www.forbes.be\\\/nl\\\/belgium-startup-awards-2025-nicolas-debray-wil-ondernemerschap-belgie-verenigen-onder-nationale-vlag\\\/\",\"url\":\"https:\\\/\\\/www.forbes.be\\\/nl\\\/belgium-startup-awards-2025-nicolas-debray-wil-ondernemerschap-belgie-verenigen-onder-nationale-vlag\\\/\",\"name\":\"Belgium Startup Awards 2025: Nicolas Debray verenigt Belgisch ondernemerschap\",\"isPartOf\":{\"@id\":\"https:\\\/\\\/www.forbes.be\\\/nl\\\/#website\"},\"primaryImageOfPage\":{\"@id\":\"https:\\\/\\\/www.forbes.be\\\/nl\\\/belgium-startup-awards-2025-nicolas-debray-wil-ondernemerschap-belgie-verenigen-onder-nationale-vlag\\\/#primaryimage\"},\"image\":{\"@id\":\"https:\\\/\\\/www.forbes.be\\\/nl\\\/belgium-startup-awards-2025-nicolas-debray-wil-ondernemerschap-belgie-verenigen-onder-nationale-vlag\\\/#primaryimage\"},\"thumbnailUrl\":\"https:\\\/\\\/www.forbes.be\\\/nl\\\/wp-content\\\/uploads\\\/2025\\\/06\\\/10758-2024-10-09-martin-pilette-prod-impact-startup-awards-x-the-merode-hd-67-scaled.png\",\"datePublished\":\"2025-06-05T13:16:23+00:00\",\"description\":\"Op 5 juni openen de Belgium Start-Up Awards in Brussel. Forbes Belgi\u00eb onderzoekt hoe Nicolas Debray het Belgisch ondernemersecosysteem wil verenigen.\",\"breadcrumb\":{\"@id\":\"https:\\\/\\\/www.forbes.be\\\/nl\\\/belgium-startup-awards-2025-nicolas-debray-wil-ondernemerschap-belgie-verenigen-onder-nationale-vlag\\\/#breadcrumb\"},\"inLanguage\":\"nl-BE\",\"potentialAction\":[{\"@type\":\"ReadAction\",\"target\":[\"https:\\\/\\\/www.forbes.be\\\/nl\\\/belgium-startup-awards-2025-nicolas-debray-wil-ondernemerschap-belgie-verenigen-onder-nationale-vlag\\\/\"]}]},{\"@type\":\"ImageObject\",\"inLanguage\":\"nl-BE\",\"@id\":\"https:\\\/\\\/www.forbes.be\\\/nl\\\/belgium-startup-awards-2025-nicolas-debray-wil-ondernemerschap-belgie-verenigen-onder-nationale-vlag\\\/#primaryimage\",\"url\":\"https:\\\/\\\/www.forbes.be\\\/nl\\\/wp-content\\\/uploads\\\/2025\\\/06\\\/10758-2024-10-09-martin-pilette-prod-impact-startup-awards-x-the-merode-hd-67-scaled.png\",\"contentUrl\":\"https:\\\/\\\/www.forbes.be\\\/nl\\\/wp-content\\\/uploads\\\/2025\\\/06\\\/10758-2024-10-09-martin-pilette-prod-impact-startup-awards-x-the-merode-hd-67-scaled.png\",\"width\":2560,\"height\":1707,\"caption\":\"\u00a9 BSA\"},{\"@type\":\"BreadcrumbList\",\"@id\":\"https:\\\/\\\/www.forbes.be\\\/nl\\\/belgium-startup-awards-2025-nicolas-debray-wil-ondernemerschap-belgie-verenigen-onder-nationale-vlag\\\/#breadcrumb\",\"itemListElement\":[{\"@type\":\"ListItem\",\"position\":1,\"name\":\"Accueil\",\"item\":\"https:\\\/\\\/www.forbes.be\\\/nl\\\/\"},{\"@type\":\"ListItem\",\"position\":2,\"name\":\"Belgium Startup Awards 2025: Nicolas Debray wil ondernemerschap in Belgi\u00eb verenigen onder een nationale vlag\"}]},{\"@type\":\"WebSite\",\"@id\":\"https:\\\/\\\/www.forbes.be\\\/nl\\\/#website\",\"url\":\"https:\\\/\\\/www.forbes.be\\\/nl\\\/\",\"name\":\"Forbes Belgi\u00eb\",\"description\":\"\",\"publisher\":{\"@id\":\"https:\\\/\\\/www.forbes.be\\\/nl\\\/#organization\"},\"potentialAction\":[{\"@type\":\"SearchAction\",\"target\":{\"@type\":\"EntryPoint\",\"urlTemplate\":\"https:\\\/\\\/www.forbes.be\\\/nl\\\/?s={search_term_string}\"},\"query-input\":{\"@type\":\"PropertyValueSpecification\",\"valueRequired\":true,\"valueName\":\"search_term_string\"}}],\"inLanguage\":\"nl-BE\"},{\"@type\":\"Organization\",\"@id\":\"https:\\\/\\\/www.forbes.be\\\/nl\\\/#organization\",\"name\":\"Forbes Belgi\u00eb\",\"url\":\"https:\\\/\\\/www.forbes.be\\\/nl\\\/\",\"logo\":{\"@type\":\"ImageObject\",\"inLanguage\":\"nl-BE\",\"@id\":\"https:\\\/\\\/www.forbes.be\\\/nl\\\/#\\\/schema\\\/logo\\\/image\\\/\",\"url\":\"https:\\\/\\\/www.forbes.be\\\/nl\\\/wp-content\\\/uploads\\\/2024\\\/02\\\/forbes.be_.png\",\"contentUrl\":\"https:\\\/\\\/www.forbes.be\\\/nl\\\/wp-content\\\/uploads\\\/2024\\\/02\\\/forbes.be_.png\",\"width\":1200,\"height\":675,\"caption\":\"Forbes Belgi\u00eb\"},\"image\":{\"@id\":\"https:\\\/\\\/www.forbes.be\\\/nl\\\/#\\\/schema\\\/logo\\\/image\\\/\"},\"sameAs\":[\"https:\\\/\\\/www.facebook.com\\\/forbesbelgie\",\"https:\\\/\\\/www.instagram.com\\\/Forbes_Belgium\",\"https:\\\/\\\/www.linkedin.com\\\/company\\\/forbes-belgium\\\/\"]},{\"@type\":\"Person\",\"@id\":\"https:\\\/\\\/www.forbes.be\\\/nl\\\/#\\\/schema\\\/person\\\/06275e9d0194db71f89b5badacb532c8\",\"name\":\"Martin Boonen\",\"image\":{\"@type\":\"ImageObject\",\"inLanguage\":\"nl-BE\",\"@id\":\"https:\\\/\\\/www.forbes.be\\\/nl\\\/wp-content\\\/uploads\\\/2024\\\/11\\\/Capture-de\u0301cran-2024-11-15-a\u0300-09.38.49-100x100.png\",\"url\":\"https:\\\/\\\/www.forbes.be\\\/nl\\\/wp-content\\\/uploads\\\/2024\\\/11\\\/Capture-de\u0301cran-2024-11-15-a\u0300-09.38.49-100x100.png\",\"contentUrl\":\"https:\\\/\\\/www.forbes.be\\\/nl\\\/wp-content\\\/uploads\\\/2024\\\/11\\\/Capture-de\u0301cran-2024-11-15-a\u0300-09.38.49-100x100.png\",\"caption\":\"Martin Boonen\"},\"description\":\"Martin Boonen is een gediplomeerd journalist van het Institut de Journalisme de Bruxelles (2012). Hij heeft samengewerkt met tal van redacties, in uiteenlopende functies gaande van journalist en rubriekshoofd tot eindredacteur en hoofdredacteur \u2013 zowel voor digitale media als de geschreven pers. Met een uitgesproken expertise in startups en sociaal ge\u00ebngageerd ondernemerschap, werd hij in 2025 benoemd tot hoofdredacteur van de Belgische website van Forbes. Sinds 2011 is hij aangesloten bij de Organisation de la Presse P\u00e9riodique (OMPP).\",\"sameAs\":[\"https:\\\/\\\/www.linkedin.com\\\/in\\\/martin-boonen-61499951\\\/\"],\"url\":\"https:\\\/\\\/www.forbes.be\\\/nl\\\/author\\\/martin-boonen\\\/\"}]}<\/script>\n<!-- \/ Yoast SEO plugin. -->","yoast_head_json":{"title":"Belgium Startup Awards 2025: Nicolas Debray verenigt Belgisch ondernemerschap","description":"Op 5 juni openen de Belgium Start-Up Awards in Brussel. Forbes Belgi\u00eb onderzoekt hoe Nicolas Debray het Belgisch ondernemersecosysteem wil verenigen.","robots":{"index":"index","follow":"follow","max-snippet":"max-snippet:-1","max-image-preview":"max-image-preview:large","max-video-preview":"max-video-preview:-1"},"canonical":"https:\/\/www.forbes.be\/nl\/belgium-startup-awards-2025-nicolas-debray-wil-ondernemerschap-belgie-verenigen-onder-nationale-vlag\/","og_locale":"nl_BE","og_type":"article","og_title":"Belgium Startup Awards 2025: Nicolas Debray verenigt Belgisch ondernemerschap","og_description":"Op 5 juni openen de Belgium Start-Up Awards in Brussel. Forbes Belgi\u00eb onderzoekt hoe Nicolas Debray het Belgisch ondernemersecosysteem wil verenigen.","og_url":"https:\/\/www.forbes.be\/nl\/belgium-startup-awards-2025-nicolas-debray-wil-ondernemerschap-belgie-verenigen-onder-nationale-vlag\/","og_site_name":"Forbes Belgi\u00eb","article_publisher":"https:\/\/www.facebook.com\/forbesbelgie","article_author":"https:\/\/www.linkedin.com\/in\/martin-boonen-61499951\/","article_published_time":"2025-06-05T13:16:23+00:00","og_image":[{"width":2560,"height":1707,"url":"https:\/\/www.forbes.be\/nl\/wp-content\/uploads\/2025\/06\/10758-2024-10-09-martin-pilette-prod-impact-startup-awards-x-the-merode-hd-67-scaled.png","type":"image\/png"}],"author":"Martin Boonen","twitter_card":"summary_large_image","twitter_misc":{"Geschreven door":"Martin Boonen","Geschatte leestijd":"8 minuten"},"schema":{"@context":"https:\/\/schema.org","@graph":[{"@type":"NewsArticle","@id":"https:\/\/www.forbes.be\/nl\/belgium-startup-awards-2025-nicolas-debray-wil-ondernemerschap-belgie-verenigen-onder-nationale-vlag\/#article","isPartOf":{"@id":"https:\/\/www.forbes.be\/nl\/belgium-startup-awards-2025-nicolas-debray-wil-ondernemerschap-belgie-verenigen-onder-nationale-vlag\/"},"author":{"name":"Martin Boonen","@id":"https:\/\/www.forbes.be\/nl\/#\/schema\/person\/06275e9d0194db71f89b5badacb532c8"},"headline":"Belgium Startup Awards 2025: Nicolas Debray wil ondernemerschap in Belgi\u00eb verenigen onder een nationale vlag","datePublished":"2025-06-05T13:16:23+00:00","mainEntityOfPage":{"@id":"https:\/\/www.forbes.be\/nl\/belgium-startup-awards-2025-nicolas-debray-wil-ondernemerschap-belgie-verenigen-onder-nationale-vlag\/"},"wordCount":1367,"publisher":{"@id":"https:\/\/www.forbes.be\/nl\/#organization"},"image":{"@id":"https:\/\/www.forbes.be\/nl\/belgium-startup-awards-2025-nicolas-debray-wil-ondernemerschap-belgie-verenigen-onder-nationale-vlag\/#primaryimage"},"thumbnailUrl":"https:\/\/www.forbes.be\/nl\/wp-content\/uploads\/2025\/06\/10758-2024-10-09-martin-pilette-prod-impact-startup-awards-x-the-merode-hd-67-scaled.png","articleSection":["Actualiteit"],"inLanguage":"nl-BE"},{"@type":"WebPage","@id":"https:\/\/www.forbes.be\/nl\/belgium-startup-awards-2025-nicolas-debray-wil-ondernemerschap-belgie-verenigen-onder-nationale-vlag\/","url":"https:\/\/www.forbes.be\/nl\/belgium-startup-awards-2025-nicolas-debray-wil-ondernemerschap-belgie-verenigen-onder-nationale-vlag\/","name":"Belgium Startup Awards 2025: Nicolas Debray verenigt Belgisch ondernemerschap","isPartOf":{"@id":"https:\/\/www.forbes.be\/nl\/#website"},"primaryImageOfPage":{"@id":"https:\/\/www.forbes.be\/nl\/belgium-startup-awards-2025-nicolas-debray-wil-ondernemerschap-belgie-verenigen-onder-nationale-vlag\/#primaryimage"},"image":{"@id":"https:\/\/www.forbes.be\/nl\/belgium-startup-awards-2025-nicolas-debray-wil-ondernemerschap-belgie-verenigen-onder-nationale-vlag\/#primaryimage"},"thumbnailUrl":"https:\/\/www.forbes.be\/nl\/wp-content\/uploads\/2025\/06\/10758-2024-10-09-martin-pilette-prod-impact-startup-awards-x-the-merode-hd-67-scaled.png","datePublished":"2025-06-05T13:16:23+00:00","description":"Op 5 juni openen de Belgium Start-Up Awards in Brussel. Forbes Belgi\u00eb onderzoekt hoe Nicolas Debray het Belgisch ondernemersecosysteem wil verenigen.","breadcrumb":{"@id":"https:\/\/www.forbes.be\/nl\/belgium-startup-awards-2025-nicolas-debray-wil-ondernemerschap-belgie-verenigen-onder-nationale-vlag\/#breadcrumb"},"inLanguage":"nl-BE","potentialAction":[{"@type":"ReadAction","target":["https:\/\/www.forbes.be\/nl\/belgium-startup-awards-2025-nicolas-debray-wil-ondernemerschap-belgie-verenigen-onder-nationale-vlag\/"]}]},{"@type":"ImageObject","inLanguage":"nl-BE","@id":"https:\/\/www.forbes.be\/nl\/belgium-startup-awards-2025-nicolas-debray-wil-ondernemerschap-belgie-verenigen-onder-nationale-vlag\/#primaryimage","url":"https:\/\/www.forbes.be\/nl\/wp-content\/uploads\/2025\/06\/10758-2024-10-09-martin-pilette-prod-impact-startup-awards-x-the-merode-hd-67-scaled.png","contentUrl":"https:\/\/www.forbes.be\/nl\/wp-content\/uploads\/2025\/06\/10758-2024-10-09-martin-pilette-prod-impact-startup-awards-x-the-merode-hd-67-scaled.png","width":2560,"height":1707,"caption":"\u00a9 BSA"},{"@type":"BreadcrumbList","@id":"https:\/\/www.forbes.be\/nl\/belgium-startup-awards-2025-nicolas-debray-wil-ondernemerschap-belgie-verenigen-onder-nationale-vlag\/#breadcrumb","itemListElement":[{"@type":"ListItem","position":1,"name":"Accueil","item":"https:\/\/www.forbes.be\/nl\/"},{"@type":"ListItem","position":2,"name":"Belgium Startup Awards 2025: Nicolas Debray wil ondernemerschap in Belgi\u00eb verenigen onder een nationale vlag"}]},{"@type":"WebSite","@id":"https:\/\/www.forbes.be\/nl\/#website","url":"https:\/\/www.forbes.be\/nl\/","name":"Forbes Belgi\u00eb","description":"","publisher":{"@id":"https:\/\/www.forbes.be\/nl\/#organization"},"potentialAction":[{"@type":"SearchAction","target":{"@type":"EntryPoint","urlTemplate":"https:\/\/www.forbes.be\/nl\/?s={search_term_string}"},"query-input":{"@type":"PropertyValueSpecification","valueRequired":true,"valueName":"search_term_string"}}],"inLanguage":"nl-BE"},{"@type":"Organization","@id":"https:\/\/www.forbes.be\/nl\/#organization","name":"Forbes Belgi\u00eb","url":"https:\/\/www.forbes.be\/nl\/","logo":{"@type":"ImageObject","inLanguage":"nl-BE","@id":"https:\/\/www.forbes.be\/nl\/#\/schema\/logo\/image\/","url":"https:\/\/www.forbes.be\/nl\/wp-content\/uploads\/2024\/02\/forbes.be_.png","contentUrl":"https:\/\/www.forbes.be\/nl\/wp-content\/uploads\/2024\/02\/forbes.be_.png","width":1200,"height":675,"caption":"Forbes Belgi\u00eb"},"image":{"@id":"https:\/\/www.forbes.be\/nl\/#\/schema\/logo\/image\/"},"sameAs":["https:\/\/www.facebook.com\/forbesbelgie","https:\/\/www.instagram.com\/Forbes_Belgium","https:\/\/www.linkedin.com\/company\/forbes-belgium\/"]},{"@type":"Person","@id":"https:\/\/www.forbes.be\/nl\/#\/schema\/person\/06275e9d0194db71f89b5badacb532c8","name":"Martin Boonen","image":{"@type":"ImageObject","inLanguage":"nl-BE","@id":"https:\/\/www.forbes.be\/nl\/wp-content\/uploads\/2024\/11\/Capture-de\u0301cran-2024-11-15-a\u0300-09.38.49-100x100.png","url":"https:\/\/www.forbes.be\/nl\/wp-content\/uploads\/2024\/11\/Capture-de\u0301cran-2024-11-15-a\u0300-09.38.49-100x100.png","contentUrl":"https:\/\/www.forbes.be\/nl\/wp-content\/uploads\/2024\/11\/Capture-de\u0301cran-2024-11-15-a\u0300-09.38.49-100x100.png","caption":"Martin Boonen"},"description":"Martin Boonen is een gediplomeerd journalist van het Institut de Journalisme de Bruxelles (2012). Hij heeft samengewerkt met tal van redacties, in uiteenlopende functies gaande van journalist en rubriekshoofd tot eindredacteur en hoofdredacteur \u2013 zowel voor digitale media als de geschreven pers. Met een uitgesproken expertise in startups en sociaal ge\u00ebngageerd ondernemerschap, werd hij in 2025 benoemd tot hoofdredacteur van de Belgische website van Forbes. Sinds 2011 is hij aangesloten bij de Organisation de la Presse P\u00e9riodique (OMPP).","sameAs":["https:\/\/www.linkedin.com\/in\/martin-boonen-61499951\/"],"url":"https:\/\/www.forbes.be\/nl\/author\/martin-boonen\/"}]}},"_links":{"self":[{"href":"https:\/\/www.forbes.be\/nl\/wp-json\/wp\/v2\/posts\/9953","targetHints":{"allow":["GET"]}}],"collection":[{"href":"https:\/\/www.forbes.be\/nl\/wp-json\/wp\/v2\/posts"}],"about":[{"href":"https:\/\/www.forbes.be\/nl\/wp-json\/wp\/v2\/types\/post"}],"author":[{"embeddable":true,"href":"https:\/\/www.forbes.be\/nl\/wp-json\/wp\/v2\/users\/42"}],"replies":[{"embeddable":true,"href":"https:\/\/www.forbes.be\/nl\/wp-json\/wp\/v2\/comments?post=9953"}],"version-history":[{"count":1,"href":"https:\/\/www.forbes.be\/nl\/wp-json\/wp\/v2\/posts\/9953\/revisions"}],"predecessor-version":[{"id":9954,"href":"https:\/\/www.forbes.be\/nl\/wp-json\/wp\/v2\/posts\/9953\/revisions\/9954"}],"wp:featuredmedia":[{"embeddable":true,"href":"https:\/\/www.forbes.be\/nl\/wp-json\/wp\/v2\/media\/9952"}],"wp:attachment":[{"href":"https:\/\/www.forbes.be\/nl\/wp-json\/wp\/v2\/media?parent=9953"}],"wp:term":[{"taxonomy":"category","embeddable":true,"href":"https:\/\/www.forbes.be\/nl\/wp-json\/wp\/v2\/categories?post=9953"},{"taxonomy":"post_tag","embeddable":true,"href":"https:\/\/www.forbes.be\/nl\/wp-json\/wp\/v2\/tags?post=9953"}],"curies":[{"name":"wp","href":"https:\/\/api.w.org\/{rel}","templated":true}]}}